{"id":50,"date":"2016-05-30T18:15:33","date_gmt":"2016-05-30T18:15:33","guid":{"rendered":"http:\/\/corfhu.cl\/demo\/?p=50"},"modified":"2016-12-26T18:57:24","modified_gmt":"2016-12-26T18:57:24","slug":"corfhu-desarrollo-organizacional","status":"publish","type":"post","link":"https:\/\/corfhu.cl\/demo\/2016\/05\/30\/corfhu-desarrollo-organizacional\/","title":{"rendered":"CORFHU | Desarrollo Organizacional"},"content":{"rendered":"<section class=\"av_textblock_section \"  itemscope=\"itemscope\" itemtype=\"https:\/\/schema.org\/BlogPosting\" itemprop=\"blogPost\" ><div class='avia_textblock  '   itemprop=\"text\" ><h6><del><\/del><strong>Clima Laboral, Comunicaci\u00f3n y Herramientas para el Buen Vivir<\/strong><\/h6>\n<p>En esta capacitaci\u00f3n, impartida por nuestra relatora Paula Lazo al equipo central de JUNJI Los Lagos a fines de mayo de 2016, se dio especial \u00e9nfasis a entregar a las\/los participantes herramientas que les permitan fortalecer habilidades blandas, desarrollando su inteligencia emocional, aplicando los pasos metodol\u00f3gicos de la comunicaci\u00f3n de modo efectivo, utilizando la expresi\u00f3n responsable como forma de comunicaci\u00f3n directa, reconociendo el efecto de los aspectos no verbales de la comunicaci\u00f3n y emplaz\u00e1ndose desde la valoraci\u00f3n de las virtudes personales y del propio equipo, de modo que todo esto les facilite asumir el desaf\u00edo de mejorar su propio entorno para generar cambios positivos en el clima laboral de su Instituci\u00f3n y fortalecer sus aspectos protectores. Para esto es vital contar con el conocimiento de uno mismo, ser capaz de autorregularse, desarrollar la empat\u00eda y las habilidades sociales.<br \/>\nEl curso cont\u00f3 con una evaluaci\u00f3n de aplicaci\u00f3n al puesto de trabajo. Se completaron 16 hrs. presenciales y 4 hrs. de seguimiento a distancia.<\/p>\n<p>Les compartimos algunos testimonios y fotos\u00a0de los\/las participantes.<\/p>\n<\/div><\/section>\n<div class='avia-icon-list-container  '><ul class='avia-icon-list avia-icon-list-left av-iconlist-big avia_animate_when_almost_visible'>\n<li><div  class='iconlist_icon  avia-font-entypo-fontello'><span class='iconlist-char ' aria-hidden='true' data-av_icon='\ue812' data-av_iconfont='entypo-fontello'><\/span><\/div><article class=\"article-icon-entry \"  itemscope=\"itemscope\" itemtype=\"https:\/\/schema.org\/BlogPosting\" itemprop=\"blogPost\" ><div class='iconlist_content_wrap'><header class=\"entry-content-header\"><h4 class='av_iconlist_title iconlist_title  '  itemprop=\"headline\"  >Comentarios<\/h4><\/header><div class='iconlist_content  '  itemprop=\"text\"  ><p>\u00b7 Claro, preciso, se cumplen objetivos planteados.<br \/>\n\u00b7 Enriquecedor para la pr\u00e1ctica diaria.<br \/>\n\u00b7 Empoderamiento de mi rol laboral.<br \/>\n\u00b7 Aporte a mi funci\u00f3n.<br \/>\n\u00b7 Interesante, explica y ense\u00f1a otra mirada, puntos o cualidades usadas a diario.<br \/>\n\u00b7 Excelente para brindar espacio de confianza.<br \/>\n\u00b7 Es un curso de reflexi\u00f3n.<br \/>\n\u00b7 Reflexivo.<br \/>\n\u00b7 Muy bueno, potenciador y unificador.<br \/>\n\u00b7 Excelente la relatora.<br \/>\n\u00b7 Felicitaciones a la relatora, motivadora y comprensiva.<br \/>\n\u00b7 Bueno y entretenido.<br \/>\n\u00b7 Participaci\u00f3n activa.<br \/>\n\u00b7 Din\u00e1mico.<br \/>\n\u00b7 Productivo.<br \/>\n\u00b7 Aprendizaje.<br \/>\n\u00b7 Creo que se hizo corto para nuestra expectativa.<\/p>\n<\/div><\/div><footer class=\"entry-footer\"><\/footer><\/article><div class='iconlist-timeline'><\/div><\/li>\n<\/ul><\/div>\n<div  data-size='featured'  data-lightbox_size='large'  data-animation='slide'  data-ids='128,64,63,62,61'  data-video_counter='0'  data-autoplay='false'  data-bg_slider='false'  data-slide_height=''  data-handle='av_slideshow'  data-interval='5'  data-class=' '  data-css_id=''  data-scroll_down=''  data-control_layout='av-control-default'  data-custom_markup=''  data-perma_caption=''  data-autoplay_stopper=''  data-image_attachment=''  data-min_height='0px'  data-default-height='28.666666666667'  class='avia-slideshow avia-slideshow-1  av-control-default av-default-height-applied avia-slideshow-featured av_slideshow   avia-slide-slider '  itemscope=\"itemscope\" itemtype=\"https:\/\/schema.org\/ImageObject\" ><ul class='avia-slideshow-inner' style='padding-bottom: 25%;'><li  class=' slide-1 ' ><div data-rel='slideshow-1' class='avia-slide-wrap'  ><img src='https:\/\/corfhu.cl\/demo\/wp-content\/uploads\/2016\/10\/slider_5.jpg' width='1200' height='300' title='slider_5' alt=''  itemprop=\"thumbnailUrl\"   \/><\/div><\/li><li  class=' slide-2 ' ><div data-rel='slideshow-1' class='avia-slide-wrap'  ><img src='https:\/\/corfhu.cl\/demo\/wp-content\/uploads\/2016\/10\/IMG-20160531-WA0150-1280x430.jpg' width='1280' height='430' title='img-20160531-wa0150' alt=''  itemprop=\"thumbnailUrl\"   \/><\/div><\/li><li  class=' slide-3 ' ><div data-rel='slideshow-1' class='avia-slide-wrap'  ><img src='https:\/\/corfhu.cl\/demo\/wp-content\/uploads\/2016\/10\/IMG-20160531-WA0065-1280x430.jpg' width='1280' height='430' title='img-20160531-wa0065' alt=''  itemprop=\"thumbnailUrl\"   \/><\/div><\/li><li  class=' slide-4 ' ><div data-rel='slideshow-1' class='avia-slide-wrap'  ><img src='https:\/\/corfhu.cl\/demo\/wp-content\/uploads\/2016\/10\/IMG-20160531-WA0038-1280x430.jpg' width='1280' height='430' title='img-20160531-wa0038' alt=''  itemprop=\"thumbnailUrl\"   \/><\/div><\/li><li  class=' slide-5 ' ><div data-rel='slideshow-1' class='avia-slide-wrap'  ><img src='https:\/\/corfhu.cl\/demo\/wp-content\/uploads\/2016\/10\/IMG-20160531-WA0037-1280x430.jpg' width='1280' height='430' title='img-20160531-wa0037' alt=''  itemprop=\"thumbnailUrl\"   \/><\/div><\/li><\/ul><div class='avia-slideshow-arrows avia-slideshow-controls'><a href='#prev' class='prev-slide' aria-hidden='true' data-av_icon='\ue87c' data-av_iconfont='entypo-fontello'>Anterior<\/a><a href='#next' class='next-slide' aria-hidden='true' data-av_icon='\ue87d' data-av_iconfont='entypo-fontello'>Posterior<\/a><\/div><div class='avia-slideshow-dots avia-slideshow-controls'><a href='#1' class='goto-slide active' >1<\/a><a href='#2' class='goto-slide ' >2<\/a><a href='#3' class='goto-slide ' >3<\/a><a href='#4' class='goto-slide ' >4<\/a><a href='#5' class='goto-slide ' >5<\/a><\/div><\/div>\n<!-- AddThis Advanced Settings generic via filter on the_content --><!-- AddThis Share Buttons generic via filter on the_content -->","protected":false},"excerpt":{"rendered":"<p>Durante 2016, CORFHU Capacitaci\u00f3n ha impartido diversos cursos de Desarrollo Organizacional.<br \/>\nClima Laboral, Comunicaci\u00f3n y Herramientas para el Buen Vivir<!-- AddThis Advanced Settings generic via filter on get_the_excerpt --><!-- AddThis Share Buttons generic via filter on get_the_excerpt --><\/p>\n","protected":false},"author":1,"featured_media":63,"comment_status":"open","ping_status":"open","sticky":false,"template":"","format":"standard","meta":{"footnotes":""},"categories":[27],"tags":[23,9,22,21,12,19,10,18,20,24],"class_list":["post-50","post","type-post","status-publish","format-standard","has-post-thumbnail","hentry","category-aportes","tag-aplicacion-al-puesto-de-trabajo","tag-autocuidado","tag-clima-laboral","tag-comunicacion","tag-corfhu","tag-distension","tag-junji","tag-manejo-de-estres","tag-psicofisca","tag-puerto-montt"],"_links":{"self":[{"href":"https:\/\/corfhu.cl\/demo\/wp-json\/wp\/v2\/posts\/50","targetHints":{"allow":["GET"]}}],"collection":[{"href":"https:\/\/corfhu.cl\/demo\/wp-json\/wp\/v2\/posts"}],"about":[{"href":"https:\/\/corfhu.cl\/demo\/wp-json\/wp\/v2\/types\/post"}],"author":[{"embeddable":true,"href":"https:\/\/corfhu.cl\/demo\/wp-json\/wp\/v2\/users\/1"}],"replies":[{"embeddable":true,"href":"https:\/\/corfhu.cl\/demo\/wp-json\/wp\/v2\/comments?post=50"}],"version-history":[{"count":11,"href":"https:\/\/corfhu.cl\/demo\/wp-json\/wp\/v2\/posts\/50\/revisions"}],"predecessor-version":[{"id":593,"href":"https:\/\/corfhu.cl\/demo\/wp-json\/wp\/v2\/posts\/50\/revisions\/593"}],"wp:featuredmedia":[{"embeddable":true,"href":"https:\/\/corfhu.cl\/demo\/wp-json\/wp\/v2\/media\/63"}],"wp:attachment":[{"href":"https:\/\/corfhu.cl\/demo\/wp-json\/wp\/v2\/media?parent=50"}],"wp:term":[{"taxonomy":"category","embeddable":true,"href":"https:\/\/corfhu.cl\/demo\/wp-json\/wp\/v2\/categories?post=50"},{"taxonomy":"post_tag","embeddable":true,"href":"https:\/\/corfhu.cl\/demo\/wp-json\/wp\/v2\/tags?post=50"}],"curies":[{"name":"wp","href":"https:\/\/api.w.org\/{rel}","templated":true}]}}